{"id":1215,"date":"2019-08-11T00:00:17","date_gmt":"2019-08-10T23:00:17","guid":{"rendered":"https:\/\/serverkf.synology.me\/fanbanden\/?p=1215"},"modified":"2021-01-02T13:18:30","modified_gmt":"2021-01-02T12:18:30","slug":"live-pa-oslo-pix","status":"publish","type":"post","link":"https:\/\/fanbanden.wlg.no\/index.php\/2019\/08\/11\/live-pa-oslo-pix\/","title":{"rendered":"Live fra Oslo Pix &#8211; Olsenbanden 50 \u00e5r"},"content":{"rendered":"<p>P\u00e5 selveste jubileumsdagen for Olsenbanden kommer et opptak fra v\u00e5r live-podcast under Oslo Pix, hvor vi kunne by p\u00e5 blant annet sjeldne opptak av intervjuer med skuespillerne fra innspillingen av Olsenbanden For Full Musikk. Ordin\u00e6re episoder starter neste s\u00f8ndag, 18. august.<\/p>\n<div class=\"powerpress_player\" id=\"powerpress_player_5696\"><audio class=\"wp-audio-shortcode\" id=\"audio-1215-1\" preload=\"none\" style=\"width: 100%;\" controls=\"controls\"><source type=\"audio\/mpeg\" src=\"https:\/\/fanbanden.wlg.no\/wp-content\/uploads\/2019\/07\/Fanbanden-SPESIAL-Oslopix_MASTER_til-publisering.mp3?_=1\" \/><a href=\"https:\/\/fanbanden.wlg.no\/wp-content\/uploads\/2019\/07\/Fanbanden-SPESIAL-Oslopix_MASTER_til-publisering.mp3\">https:\/\/fanbanden.wlg.no\/wp-content\/uploads\/2019\/07\/Fanbanden-SPESIAL-Oslopix_MASTER_til-publisering.mp3<\/a><\/audio><\/div><p class=\"powerpress_links powerpress_links_mp3\" style=\"margin-bottom: 1px !important;\">Podcast (fanbanden): <a href=\"https:\/\/fanbanden.wlg.no\/wp-content\/uploads\/2019\/07\/Fanbanden-SPESIAL-Oslopix_MASTER_til-publisering.mp3\" class=\"powerpress_link_pinw\" target=\"_blank\" title=\"Play in new window\" onclick=\"return powerpress_pinw('https:\/\/fanbanden.wlg.no\/?powerpress_pinw=1215-fanbanden');\" rel=\"nofollow\">Play in new window<\/a> | <a href=\"https:\/\/fanbanden.wlg.no\/wp-content\/uploads\/2019\/07\/Fanbanden-SPESIAL-Oslopix_MASTER_til-publisering.mp3\" class=\"powerpress_link_d\" title=\"Download\" rel=\"nofollow\" download=\"Fanbanden-SPESIAL-Oslopix_MASTER_til-publisering.mp3\">Download<\/a><\/p><p class=\"powerpress_links powerpress_subscribe_links\">Subscribe: <a href=\"https:\/\/fanbanden.wlg.no\/index.php\/feed\/fanbanden\/\" class=\"powerpress_link_subscribe powerpress_link_subscribe_rss\" target=\"_blank\" title=\"Subscribe via RSS\" rel=\"nofollow\">RSS<\/a><\/p>","protected":false},"excerpt":{"rendered":"<p>P\u00e5 selveste jubileumsdagen for Olsenbanden kommer et opptak fra v\u00e5r live-podcast under Oslo Pix, hvor vi kunne by p\u00e5 blant annet sjeldne opptak av intervjuer med skuespillerne fra innspillingen av Olsenbanden For Full Musikk. Ordin\u00e6re episoder starter neste s\u00f8ndag, 18. august.<\/p>\n","protected":false},"author":2,"featured_media":0,"comment_status":"closed","ping_status":"closed","sticky":false,"template":"","format":"standard","meta":{"_et_pb_use_builder":"","_et_pb_old_content":"","_et_gb_content_width":"","footnotes":""},"categories":[1],"tags":[],"class_list":["post-1215","post","type-post","status-publish","format-standard","hentry","category-uncategorized"],"_links":{"self":[{"href":"https:\/\/fanbanden.wlg.no\/index.php\/wp-json\/wp\/v2\/posts\/1215","targetHints":{"allow":["GET"]}}],"collection":[{"href":"https:\/\/fanbanden.wlg.no\/index.php\/wp-json\/wp\/v2\/posts"}],"about":[{"href":"https:\/\/fanbanden.wlg.no\/index.php\/wp-json\/wp\/v2\/types\/post"}],"author":[{"embeddable":true,"href":"https:\/\/fanbanden.wlg.no\/index.php\/wp-json\/wp\/v2\/users\/2"}],"replies":[{"embeddable":true,"href":"https:\/\/fanbanden.wlg.no\/index.php\/wp-json\/wp\/v2\/comments?post=1215"}],"version-history":[{"count":0,"href":"https:\/\/fanbanden.wlg.no\/index.php\/wp-json\/wp\/v2\/posts\/1215\/revisions"}],"wp:attachment":[{"href":"https:\/\/fanbanden.wlg.no\/index.php\/wp-json\/wp\/v2\/media?parent=1215"}],"wp:term":[{"taxonomy":"category","embeddable":true,"href":"https:\/\/fanbanden.wlg.no\/index.php\/wp-json\/wp\/v2\/categories?post=1215"},{"taxonomy":"post_tag","embeddable":true,"href":"https:\/\/fanbanden.wlg.no\/index.php\/wp-json\/wp\/v2\/tags?post=1215"}],"curies":[{"name":"wp","href":"https:\/\/api.w.org\/{rel}","templated":true}]}}