{"id":1206,"date":"2019-07-06T23:57:59","date_gmt":"2019-07-06T22:57:59","guid":{"rendered":"https:\/\/serverkf.synology.me\/fanbanden\/?p=1206"},"modified":"2021-01-02T13:18:12","modified_gmt":"2021-01-02T12:18:12","slug":"til-minne-knut-andersen","status":"publish","type":"post","link":"https:\/\/fanbanden.wlg.no\/index.php\/2019\/07\/06\/til-minne-knut-andersen\/","title":{"rendered":"Til minne: Knut Andersen"},"content":{"rendered":"<p>Intervju med Team Film-grunnlegger og regiss\u00f8r Knut Andersen som gikk bort 17. juni. Vi ble kjent med Knut h\u00f8sten 2017, og gjorde et amat\u00f8r-lydopptak da vi hadde en research-prat rundt hans tid i Team Film. Knut A. var i opptaket en god historieforteller og med familiens samtykke har vi klippet sammen samtalen til en episode. Episoden er laget til minne om Knut Andersen.<\/p>\n<div class=\"powerpress_player\" id=\"powerpress_player_2961\"><audio class=\"wp-audio-shortcode\" id=\"audio-1206-1\" preload=\"none\" style=\"width: 100%;\" controls=\"controls\"><source type=\"audio\/mpeg\" src=\"https:\/\/fanbanden.wlg.no\/wp-content\/uploads\/2019\/07\/Fanbanden-Til-minne-Knut-Andersen_v001_Master-til-publisering.mp3?_=1\" \/><a href=\"https:\/\/fanbanden.wlg.no\/wp-content\/uploads\/2019\/07\/Fanbanden-Til-minne-Knut-Andersen_v001_Master-til-publisering.mp3\">https:\/\/fanbanden.wlg.no\/wp-content\/uploads\/2019\/07\/Fanbanden-Til-minne-Knut-Andersen_v001_Master-til-publisering.mp3<\/a><\/audio><\/div><p class=\"powerpress_links powerpress_links_mp3\" style=\"margin-bottom: 1px !important;\">Podcast (fanbanden): <a href=\"https:\/\/fanbanden.wlg.no\/wp-content\/uploads\/2019\/07\/Fanbanden-Til-minne-Knut-Andersen_v001_Master-til-publisering.mp3\" class=\"powerpress_link_pinw\" target=\"_blank\" title=\"Play in new window\" onclick=\"return powerpress_pinw('https:\/\/fanbanden.wlg.no\/?powerpress_pinw=1206-fanbanden');\" rel=\"nofollow\">Play in new window<\/a> | <a href=\"https:\/\/fanbanden.wlg.no\/wp-content\/uploads\/2019\/07\/Fanbanden-Til-minne-Knut-Andersen_v001_Master-til-publisering.mp3\" class=\"powerpress_link_d\" title=\"Download\" rel=\"nofollow\" download=\"Fanbanden-Til-minne-Knut-Andersen_v001_Master-til-publisering.mp3\">Download<\/a><\/p><p class=\"powerpress_links powerpress_subscribe_links\">Subscribe: <a href=\"https:\/\/fanbanden.wlg.no\/index.php\/feed\/fanbanden\/\" class=\"powerpress_link_subscribe powerpress_link_subscribe_rss\" target=\"_blank\" title=\"Subscribe via RSS\" rel=\"nofollow\">RSS<\/a><\/p>","protected":false},"excerpt":{"rendered":"<p>Intervju med Team Film-grunnlegger og regiss\u00f8r Knut Andersen som gikk bort 17. juni. Vi ble kjent med Knut h\u00f8sten 2017, og gjorde et amat\u00f8r-lydopptak da vi hadde en research-prat rundt hans tid i Team Film. Knut A. var i opptaket en god historieforteller og med familiens samtykke har vi klippet sammen samtalen til en episode. [&hellip;]<\/p>\n","protected":false},"author":2,"featured_media":0,"comment_status":"closed","ping_status":"closed","sticky":false,"template":"","format":"standard","meta":{"_et_pb_use_builder":"","_et_pb_old_content":"","_et_gb_content_width":"","footnotes":""},"categories":[1],"tags":[],"class_list":["post-1206","post","type-post","status-publish","format-standard","hentry","category-uncategorized"],"_links":{"self":[{"href":"https:\/\/fanbanden.wlg.no\/index.php\/wp-json\/wp\/v2\/posts\/1206","targetHints":{"allow":["GET"]}}],"collection":[{"href":"https:\/\/fanbanden.wlg.no\/index.php\/wp-json\/wp\/v2\/posts"}],"about":[{"href":"https:\/\/fanbanden.wlg.no\/index.php\/wp-json\/wp\/v2\/types\/post"}],"author":[{"embeddable":true,"href":"https:\/\/fanbanden.wlg.no\/index.php\/wp-json\/wp\/v2\/users\/2"}],"replies":[{"embeddable":true,"href":"https:\/\/fanbanden.wlg.no\/index.php\/wp-json\/wp\/v2\/comments?post=1206"}],"version-history":[{"count":0,"href":"https:\/\/fanbanden.wlg.no\/index.php\/wp-json\/wp\/v2\/posts\/1206\/revisions"}],"wp:attachment":[{"href":"https:\/\/fanbanden.wlg.no\/index.php\/wp-json\/wp\/v2\/media?parent=1206"}],"wp:term":[{"taxonomy":"category","embeddable":true,"href":"https:\/\/fanbanden.wlg.no\/index.php\/wp-json\/wp\/v2\/categories?post=1206"},{"taxonomy":"post_tag","embeddable":true,"href":"https:\/\/fanbanden.wlg.no\/index.php\/wp-json\/wp\/v2\/tags?post=1206"}],"curies":[{"name":"wp","href":"https:\/\/api.w.org\/{rel}","templated":true}]}}